{"id":82114,"date":"2022-08-24T15:01:40","date_gmt":"2022-08-24T13:01:40","guid":{"rendered":"https:\/\/www.dalux.com\/blog-post\/tusass-setzt-dalux-fm-fuer-die-verwaltung-von-technischen-stationen-ein"},"modified":"2022-10-20T10:24:29","modified_gmt":"2022-10-20T08:24:29","slug":"tusass-setzt-dalux-fm-fuer-die-verwaltung-von-technischen-stationen-ein","status":"publish","type":"post","link":"https:\/\/www.dalux.com\/de\/tusass-setzt-dalux-fm-fuer-die-verwaltung-von-technischen-stationen-ein\/","title":{"rendered":"Tusass setzt Dalux FM f\u00fcr die Verwaltung von technischen Stationen ein"},"content":{"rendered":"\t\t<div data-elementor-type=\"wp-post\" data-elementor-id=\"82114\" class=\"elementor elementor-82114 elementor-5879\" data-elementor-post-type=\"post\">\n\t\t\t\t\t\t<section class=\"elementor-section elementor-top-section elementor-element elementor-element-56524dc2 elementor-section-boxed elementor-section-height-default elementor-section-height-default\" data-id=\"56524dc2\" data-element_type=\"section\" data-e-type=\"section\">\n\t\t\t\t\t\t<div class=\"elementor-container elementor-column-gap-default\">\n\t\t\t\t\t<div class=\"elementor-column elementor-col-100 elementor-top-column elementor-element elementor-element-64e5f517\" data-id=\"64e5f517\" data-element_type=\"column\" data-e-type=\"column\">\n\t\t\t<div class=\"elementor-widget-wrap elementor-element-populated\">\n\t\t\t\t\t\t<div class=\"elementor-element elementor-element-6d747b87 elementor-widget elementor-widget-text-editor\" data-id=\"6d747b87\" data-element_type=\"widget\" data-e-type=\"widget\" data-widget_type=\"text-editor.default\">\n\t\t\t\t<div class=\"elementor-widget-container\">\n\t\t\t\t\t\t\t\t\t\n<p><\/p>\n\n\n\n<p><strong>Tusass, die fr\u00fchere TELE-POST Greenland, versorgt die Menschen in Gr\u00f6nland mit Mobilfunkdiensten und Internet. Im M\u00e4rz 2022 implementierte Tusass Dalux FM f\u00fcr das Facility Management seiner Geb\u00e4ude und technischen Stationen.<\/strong><\/p>\n\n\n\n<p>Das Telekommunikationsunternehmen Tusass betreibt etwa 3500 Assets in dem riesigen Land und nutzt dabei haupts\u00e4chlich die <a href=\"https:\/\/www.dalux.com\/de\/dalux-fm\/betrieb-und-wartung\" data-type=\"URL\" data-id=\"https:\/\/www.dalux.com\/en-gb\/dalux-fm\/operations-and-maintenance\" target=\"_blank\" rel=\"noreferrer noopener\">Betriebs- und Wartungsfunktionen<\/a> von Dalux FM. Zu den Assets geh\u00f6ren Antennenmasten, Generatoren und andere technische Einrichtungen.<\/p>\n\n\n\n<p>Einige Anlagen, wie &nbsp;z. B. \u00dcbertragungseinrichtungen f\u00fcr mobile Dienste, befinden sich auf Berggipfeln, die von den St\u00e4dten aus nicht leicht zu erreichen sind. Diese abgelegenen und schwer zug\u00e4nglichen Standorte erfordern eine gute Planung durch das Wartungsteam.<\/p>\n\n\n\n<blockquote class=\"wp-block-quote\"><p>&#8222;Aufgrund der gro\u00dfen Entfernungen und der Orte, die wir nur per Schiff und Hubschrauber erreichen k\u00f6nnen, ist es f\u00fcr unsere Mitarbeiter enorm wichtig, die Servicechecks sorgf\u00e4ltig zu planen,&#8220; &nbsp;sagt Esben M\u00f8rch-Christensen, Operations &amp; Development Consultant bei Tusass.<\/p><\/blockquote>\n\n\n\n<figure class=\"wp-block-image size-large\"><img fetchpriority=\"high\" decoding=\"async\" width=\"1024\" height=\"640\" src=\"https:\/\/www.dalux.com\/wp-content\/uploads\/2022\/07\/Technical-station-Greenland-snow_-Tusass-uses-Dalux-FM-to-manage-technical-stations-in-Greenland_-1080x675-1-1024x640.png\" alt=\"Technische Station auf mit Schnee bedeckten Berggipfel in Gr\u00f6nland\" class=\"wp-image-5897\" srcset=\"https:\/\/www.dalux.com\/wp-content\/uploads\/2022\/07\/Technical-station-Greenland-snow_-Tusass-uses-Dalux-FM-to-manage-technical-stations-in-Greenland_-1080x675-1-1024x640.png 1024w, https:\/\/www.dalux.com\/wp-content\/uploads\/2022\/07\/Technical-station-Greenland-snow_-Tusass-uses-Dalux-FM-to-manage-technical-stations-in-Greenland_-1080x675-1-300x188.png 300w, https:\/\/www.dalux.com\/wp-content\/uploads\/2022\/07\/Technical-station-Greenland-snow_-Tusass-uses-Dalux-FM-to-manage-technical-stations-in-Greenland_-1080x675-1-768x480.png 768w, https:\/\/www.dalux.com\/wp-content\/uploads\/2022\/07\/Technical-station-Greenland-snow_-Tusass-uses-Dalux-FM-to-manage-technical-stations-in-Greenland_-1080x675-1.png 1080w\" sizes=\"(max-width: 1024px) 100vw, 1024px\" \/><\/figure>\n\n\n\n<p>Um Facility Management an entfernten Standorten durchf\u00fchren zu k\u00f6nnen, hat Tusass in Dalux FM Checklisten sowie Aufgaben mit verkn\u00fcpften Fotos erstellt, auf die von den entfernten Standpunkten aus leicht \u00fcber mobile Endger\u00e4te zugegriffen werden k\u00f6nnen.<\/p>\n\n\n\n<blockquote class=\"wp-block-quote\"><p>&#8222;Es ist ein Vorteil, dass Dalux FM es uns erm\u00f6glicht, alle Informationen \u00fcber die relevanten Assets an einem Ort zu sammeln, einschlie\u00dflich Aufgaben, Checklisten, Bilder, Zeichnungen und Betriebsdokumente. Insbesondere die Checklistenfunktion hat den Arbeitsablauf an entfernten Standorten erheblich verbessert. Dalux ist einfach zu bedienen und wir sehen viele M\u00f6glichkeiten mit anderen Dalux-Modulen, die wir ebenfalls n\u00e4her untersuchen,&#8220; erkl\u00e4rt Esben M\u00f8rch Christensen.<\/p><\/blockquote>\n\n\n\n<p><\/p>\n\n\n\n<p><\/p>\n\n\n\n<p><\/p>\n\n\n\n<p><strong>\u00dcber Tusass<\/strong><\/p>\n\n\n\n<p>Tusass ist das gr\u00f6\u00dfte Telekommunikationsunternehmen in Gr\u00f6nland und wurde 1879 gegr\u00fcndet. Das Unternehmen bietet Telefonie, Internet sowie den Transport von Paketen und Briefen an. Seit Juli 2022 verwaltet Tusass mit Dalux FM etwa 50.000 m2 Geb\u00e4ude \u2013 von Fahrradschuppen \u00fcber Post\u00e4mter bis hin zu Rechenzentren. <\/p>\n\n\n\n<p>Lesen Sie mehr \u00fcber die <a href=\"https:\/\/www.tusass.gl\/da\/presse\/artikel\/?id=37\" data-type=\"URL\" data-id=\"https:\/\/www.tusass.gl\/da\/presse\/artikel\/?id=37\" target=\"_blank\" rel=\"noreferrer noopener\">Implementierung von Dalux FM bei Tussa<\/a> .<\/p>\n\t\t\t\t\t\t\t\t<\/div>\n\t\t\t\t<\/div>\n\t\t\t\t\t<\/div>\n\t\t<\/div>\n\t\t\t\t\t<\/div>\n\t\t<\/section>\n\t\t\t\t<\/div>\n\t\t","protected":false},"excerpt":{"rendered":"<p>Tusass setzt Dalux FM f\u00fcr die Verwaltung von technischen Stationen ein.<\/p>\n","protected":false},"author":113,"featured_media":5888,"comment_status":"closed","ping_status":"closed","sticky":false,"template":"elementor_theme","format":"standard","meta":{"footnotes":""},"categories":[236],"tags":[],"class_list":["post-82114","post","type-post","status-publish","format-standard","has-post-thumbnail","hentry","category-dalux-fm-de"],"yoast_head":"<!-- This site is optimized with the Yoast SEO plugin v27.5 - https:\/\/yoast.com\/product\/yoast-seo-wordpress\/ -->\n<title>Tusass setzt Dalux FM f\u00fcr die Verwaltung von technischen Stationen ein - Dalux<\/title>\n<meta name=\"description\" content=\"Tusass setzt Dalux FM f\u00fcr die digitale Verwaltung von technischen Stationen ein. | Dalux\" \/>\n<meta name=\"robots\" content=\"index, follow, max-snippet:-1, max-image-preview:large, max-video-preview:-1\" \/>\n<link rel=\"canonical\" href=\"https:\/\/www.dalux.com\/de\/tusass-setzt-dalux-fm-fuer-die-verwaltung-von-technischen-stationen-ein\/\" \/>\n<meta property=\"og:locale\" content=\"de_DE\" \/>\n<meta property=\"og:type\" content=\"article\" \/>\n<meta property=\"og:title\" content=\"Tusass setzt Dalux FM f\u00fcr die Verwaltung von technischen Stationen ein - Dalux\" \/>\n<meta property=\"og:description\" content=\"Tusass setzt Dalux FM f\u00fcr die digitale Verwaltung von technischen Stationen ein. | Dalux\" \/>\n<meta property=\"og:url\" content=\"https:\/\/www.dalux.com\/de\/tusass-setzt-dalux-fm-fuer-die-verwaltung-von-technischen-stationen-ein\/\" \/>\n<meta property=\"og:site_name\" content=\"Dalux\" \/>\n<meta property=\"article:published_time\" content=\"2022-08-24T13:01:40+00:00\" \/>\n<meta property=\"article:modified_time\" content=\"2022-10-20T08:24:29+00:00\" \/>\n<meta property=\"og:image\" content=\"https:\/\/www.dalux.com\/wp-content\/uploads\/2022\/07\/Dalux-FM_-Tusass-uses-Dalux-FM-to-manage-technical-stations-in-Greenland_-1080x675-1.png\" \/>\n\t<meta property=\"og:image:width\" content=\"1080\" \/>\n\t<meta property=\"og:image:height\" content=\"675\" \/>\n\t<meta property=\"og:image:type\" content=\"image\/png\" \/>\n<meta name=\"author\" content=\"Karel\" \/>\n<meta name=\"twitter:card\" content=\"summary_large_image\" \/>\n<meta name=\"twitter:creator\" content=\"@daluxaps\" \/>\n<meta name=\"twitter:site\" content=\"@daluxaps\" \/>\n<meta name=\"twitter:label1\" content=\"Verfasst von\" \/>\n\t<meta name=\"twitter:data1\" content=\"Karel\" \/>\n\t<meta name=\"twitter:label2\" content=\"Gesch\u00e4tzte Lesezeit\" \/>\n\t<meta name=\"twitter:data2\" content=\"2\u00a0Minuten\" \/>\n<script type=\"application\/ld+json\" class=\"yoast-schema-graph\">{\"@context\":\"https:\\\/\\\/schema.org\",\"@graph\":[{\"@type\":\"Article\",\"@id\":\"https:\\\/\\\/www.dalux.com\\\/de\\\/tusass-setzt-dalux-fm-fuer-die-verwaltung-von-technischen-stationen-ein\\\/#article\",\"isPartOf\":{\"@id\":\"https:\\\/\\\/www.dalux.com\\\/de\\\/tusass-setzt-dalux-fm-fuer-die-verwaltung-von-technischen-stationen-ein\\\/\"},\"author\":{\"name\":\"Karel\",\"@id\":\"https:\\\/\\\/www.dalux.com\\\/de\\\/#\\\/schema\\\/person\\\/7cbcf96eb5099f6dc1f7f197cd151e76\"},\"headline\":\"Tusass setzt Dalux FM f\u00fcr die Verwaltung von technischen Stationen ein\",\"datePublished\":\"2022-08-24T13:01:40+00:00\",\"dateModified\":\"2022-10-20T08:24:29+00:00\",\"mainEntityOfPage\":{\"@id\":\"https:\\\/\\\/www.dalux.com\\\/de\\\/tusass-setzt-dalux-fm-fuer-die-verwaltung-von-technischen-stationen-ein\\\/\"},\"wordCount\":328,\"publisher\":{\"@id\":\"https:\\\/\\\/www.dalux.com\\\/de\\\/#organization\"},\"image\":{\"@id\":\"https:\\\/\\\/www.dalux.com\\\/de\\\/tusass-setzt-dalux-fm-fuer-die-verwaltung-von-technischen-stationen-ein\\\/#primaryimage\"},\"thumbnailUrl\":\"https:\\\/\\\/www.dalux.com\\\/wp-content\\\/uploads\\\/2022\\\/07\\\/Dalux-FM_-Tusass-uses-Dalux-FM-to-manage-technical-stations-in-Greenland_-1080x675-1.png\",\"articleSection\":[\"Dalux FM\"],\"inLanguage\":\"de\"},{\"@type\":\"WebPage\",\"@id\":\"https:\\\/\\\/www.dalux.com\\\/de\\\/tusass-setzt-dalux-fm-fuer-die-verwaltung-von-technischen-stationen-ein\\\/\",\"url\":\"https:\\\/\\\/www.dalux.com\\\/de\\\/tusass-setzt-dalux-fm-fuer-die-verwaltung-von-technischen-stationen-ein\\\/\",\"name\":\"Tusass setzt Dalux FM f\u00fcr die Verwaltung von technischen Stationen ein - Dalux\",\"isPartOf\":{\"@id\":\"https:\\\/\\\/www.dalux.com\\\/de\\\/#website\"},\"primaryImageOfPage\":{\"@id\":\"https:\\\/\\\/www.dalux.com\\\/de\\\/tusass-setzt-dalux-fm-fuer-die-verwaltung-von-technischen-stationen-ein\\\/#primaryimage\"},\"image\":{\"@id\":\"https:\\\/\\\/www.dalux.com\\\/de\\\/tusass-setzt-dalux-fm-fuer-die-verwaltung-von-technischen-stationen-ein\\\/#primaryimage\"},\"thumbnailUrl\":\"https:\\\/\\\/www.dalux.com\\\/wp-content\\\/uploads\\\/2022\\\/07\\\/Dalux-FM_-Tusass-uses-Dalux-FM-to-manage-technical-stations-in-Greenland_-1080x675-1.png\",\"datePublished\":\"2022-08-24T13:01:40+00:00\",\"dateModified\":\"2022-10-20T08:24:29+00:00\",\"description\":\"Tusass setzt Dalux FM f\u00fcr die digitale Verwaltung von technischen Stationen ein. | Dalux\",\"breadcrumb\":{\"@id\":\"https:\\\/\\\/www.dalux.com\\\/de\\\/tusass-setzt-dalux-fm-fuer-die-verwaltung-von-technischen-stationen-ein\\\/#breadcrumb\"},\"inLanguage\":\"de\",\"potentialAction\":[{\"@type\":\"ReadAction\",\"target\":[\"https:\\\/\\\/www.dalux.com\\\/de\\\/tusass-setzt-dalux-fm-fuer-die-verwaltung-von-technischen-stationen-ein\\\/\"]}]},{\"@type\":\"ImageObject\",\"inLanguage\":\"de\",\"@id\":\"https:\\\/\\\/www.dalux.com\\\/de\\\/tusass-setzt-dalux-fm-fuer-die-verwaltung-von-technischen-stationen-ein\\\/#primaryimage\",\"url\":\"https:\\\/\\\/www.dalux.com\\\/wp-content\\\/uploads\\\/2022\\\/07\\\/Dalux-FM_-Tusass-uses-Dalux-FM-to-manage-technical-stations-in-Greenland_-1080x675-1.png\",\"contentUrl\":\"https:\\\/\\\/www.dalux.com\\\/wp-content\\\/uploads\\\/2022\\\/07\\\/Dalux-FM_-Tusass-uses-Dalux-FM-to-manage-technical-stations-in-Greenland_-1080x675-1.png\",\"width\":1080,\"height\":675,\"caption\":\"A person holding a smartphone with the app Dalux FM\"},{\"@type\":\"BreadcrumbList\",\"@id\":\"https:\\\/\\\/www.dalux.com\\\/de\\\/tusass-setzt-dalux-fm-fuer-die-verwaltung-von-technischen-stationen-ein\\\/#breadcrumb\",\"itemListElement\":[{\"@type\":\"ListItem\",\"position\":1,\"name\":\"Home\",\"item\":\"https:\\\/\\\/www.dalux.com\\\/de\\\/\"},{\"@type\":\"ListItem\",\"position\":2,\"name\":\"Tusass setzt Dalux FM f\u00fcr die Verwaltung von technischen Stationen ein\"}]},{\"@type\":\"WebSite\",\"@id\":\"https:\\\/\\\/www.dalux.com\\\/de\\\/#website\",\"url\":\"https:\\\/\\\/www.dalux.com\\\/de\\\/\",\"name\":\"Dalux\",\"description\":\"Digitalizing the Construction Industry\",\"publisher\":{\"@id\":\"https:\\\/\\\/www.dalux.com\\\/de\\\/#organization\"},\"potentialAction\":[{\"@type\":\"SearchAction\",\"target\":{\"@type\":\"EntryPoint\",\"urlTemplate\":\"https:\\\/\\\/www.dalux.com\\\/de\\\/?s={search_term_string}\"},\"query-input\":{\"@type\":\"PropertyValueSpecification\",\"valueRequired\":true,\"valueName\":\"search_term_string\"}}],\"inLanguage\":\"de\"},{\"@type\":\"Organization\",\"@id\":\"https:\\\/\\\/www.dalux.com\\\/de\\\/#organization\",\"name\":\"Dalux\",\"url\":\"https:\\\/\\\/www.dalux.com\\\/de\\\/\",\"logo\":{\"@type\":\"ImageObject\",\"inLanguage\":\"de\",\"@id\":\"https:\\\/\\\/www.dalux.com\\\/de\\\/#\\\/schema\\\/logo\\\/image\\\/\",\"url\":\"https:\\\/\\\/www.dalux.com\\\/wp-content\\\/uploads\\\/2022\\\/06\\\/Dalux_logo_-5000px_png_HIGH_RES.png\",\"contentUrl\":\"https:\\\/\\\/www.dalux.com\\\/wp-content\\\/uploads\\\/2022\\\/06\\\/Dalux_logo_-5000px_png_HIGH_RES.png\",\"width\":5001,\"height\":1559,\"caption\":\"Dalux\"},\"image\":{\"@id\":\"https:\\\/\\\/www.dalux.com\\\/de\\\/#\\\/schema\\\/logo\\\/image\\\/\"},\"sameAs\":[\"https:\\\/\\\/x.com\\\/daluxaps\",\"https:\\\/\\\/www.linkedin.com\\\/company\\\/dalux\\\/\",\"https:\\\/\\\/www.youtube.com\\\/user\\\/DaluxAps\\\/featured\"]},{\"@type\":\"Person\",\"@id\":\"https:\\\/\\\/www.dalux.com\\\/de\\\/#\\\/schema\\\/person\\\/7cbcf96eb5099f6dc1f7f197cd151e76\",\"name\":\"Karel\",\"image\":{\"@type\":\"ImageObject\",\"inLanguage\":\"de\",\"@id\":\"https:\\\/\\\/www.dalux.com\\\/wp-content\\\/litespeed\\\/avatar\\\/81d6984cd25a964d8dae4e5e63e4278f.jpg?ver=1777552217\",\"url\":\"https:\\\/\\\/www.dalux.com\\\/wp-content\\\/litespeed\\\/avatar\\\/81d6984cd25a964d8dae4e5e63e4278f.jpg?ver=1777552217\",\"contentUrl\":\"https:\\\/\\\/www.dalux.com\\\/wp-content\\\/litespeed\\\/avatar\\\/81d6984cd25a964d8dae4e5e63e4278f.jpg?ver=1777552217\",\"caption\":\"Karel\"}}]}<\/script>\n<!-- \/ Yoast SEO plugin. -->","yoast_head_json":{"title":"Tusass setzt Dalux FM f\u00fcr die Verwaltung von technischen Stationen ein - Dalux","description":"Tusass setzt Dalux FM f\u00fcr die digitale Verwaltung von technischen Stationen ein. | Dalux","robots":{"index":"index","follow":"follow","max-snippet":"max-snippet:-1","max-image-preview":"max-image-preview:large","max-video-preview":"max-video-preview:-1"},"canonical":"https:\/\/www.dalux.com\/de\/tusass-setzt-dalux-fm-fuer-die-verwaltung-von-technischen-stationen-ein\/","og_locale":"de_DE","og_type":"article","og_title":"Tusass setzt Dalux FM f\u00fcr die Verwaltung von technischen Stationen ein - Dalux","og_description":"Tusass setzt Dalux FM f\u00fcr die digitale Verwaltung von technischen Stationen ein. | Dalux","og_url":"https:\/\/www.dalux.com\/de\/tusass-setzt-dalux-fm-fuer-die-verwaltung-von-technischen-stationen-ein\/","og_site_name":"Dalux","article_published_time":"2022-08-24T13:01:40+00:00","article_modified_time":"2022-10-20T08:24:29+00:00","og_image":[{"width":1080,"height":675,"url":"https:\/\/www.dalux.com\/wp-content\/uploads\/2022\/07\/Dalux-FM_-Tusass-uses-Dalux-FM-to-manage-technical-stations-in-Greenland_-1080x675-1.png","type":"image\/png"}],"author":"Karel","twitter_card":"summary_large_image","twitter_creator":"@daluxaps","twitter_site":"@daluxaps","twitter_misc":{"Verfasst von":"Karel","Gesch\u00e4tzte Lesezeit":"2\u00a0Minuten"},"schema":{"@context":"https:\/\/schema.org","@graph":[{"@type":"Article","@id":"https:\/\/www.dalux.com\/de\/tusass-setzt-dalux-fm-fuer-die-verwaltung-von-technischen-stationen-ein\/#article","isPartOf":{"@id":"https:\/\/www.dalux.com\/de\/tusass-setzt-dalux-fm-fuer-die-verwaltung-von-technischen-stationen-ein\/"},"author":{"name":"Karel","@id":"https:\/\/www.dalux.com\/de\/#\/schema\/person\/7cbcf96eb5099f6dc1f7f197cd151e76"},"headline":"Tusass setzt Dalux FM f\u00fcr die Verwaltung von technischen Stationen ein","datePublished":"2022-08-24T13:01:40+00:00","dateModified":"2022-10-20T08:24:29+00:00","mainEntityOfPage":{"@id":"https:\/\/www.dalux.com\/de\/tusass-setzt-dalux-fm-fuer-die-verwaltung-von-technischen-stationen-ein\/"},"wordCount":328,"publisher":{"@id":"https:\/\/www.dalux.com\/de\/#organization"},"image":{"@id":"https:\/\/www.dalux.com\/de\/tusass-setzt-dalux-fm-fuer-die-verwaltung-von-technischen-stationen-ein\/#primaryimage"},"thumbnailUrl":"https:\/\/www.dalux.com\/wp-content\/uploads\/2022\/07\/Dalux-FM_-Tusass-uses-Dalux-FM-to-manage-technical-stations-in-Greenland_-1080x675-1.png","articleSection":["Dalux FM"],"inLanguage":"de"},{"@type":"WebPage","@id":"https:\/\/www.dalux.com\/de\/tusass-setzt-dalux-fm-fuer-die-verwaltung-von-technischen-stationen-ein\/","url":"https:\/\/www.dalux.com\/de\/tusass-setzt-dalux-fm-fuer-die-verwaltung-von-technischen-stationen-ein\/","name":"Tusass setzt Dalux FM f\u00fcr die Verwaltung von technischen Stationen ein - Dalux","isPartOf":{"@id":"https:\/\/www.dalux.com\/de\/#website"},"primaryImageOfPage":{"@id":"https:\/\/www.dalux.com\/de\/tusass-setzt-dalux-fm-fuer-die-verwaltung-von-technischen-stationen-ein\/#primaryimage"},"image":{"@id":"https:\/\/www.dalux.com\/de\/tusass-setzt-dalux-fm-fuer-die-verwaltung-von-technischen-stationen-ein\/#primaryimage"},"thumbnailUrl":"https:\/\/www.dalux.com\/wp-content\/uploads\/2022\/07\/Dalux-FM_-Tusass-uses-Dalux-FM-to-manage-technical-stations-in-Greenland_-1080x675-1.png","datePublished":"2022-08-24T13:01:40+00:00","dateModified":"2022-10-20T08:24:29+00:00","description":"Tusass setzt Dalux FM f\u00fcr die digitale Verwaltung von technischen Stationen ein. | Dalux","breadcrumb":{"@id":"https:\/\/www.dalux.com\/de\/tusass-setzt-dalux-fm-fuer-die-verwaltung-von-technischen-stationen-ein\/#breadcrumb"},"inLanguage":"de","potentialAction":[{"@type":"ReadAction","target":["https:\/\/www.dalux.com\/de\/tusass-setzt-dalux-fm-fuer-die-verwaltung-von-technischen-stationen-ein\/"]}]},{"@type":"ImageObject","inLanguage":"de","@id":"https:\/\/www.dalux.com\/de\/tusass-setzt-dalux-fm-fuer-die-verwaltung-von-technischen-stationen-ein\/#primaryimage","url":"https:\/\/www.dalux.com\/wp-content\/uploads\/2022\/07\/Dalux-FM_-Tusass-uses-Dalux-FM-to-manage-technical-stations-in-Greenland_-1080x675-1.png","contentUrl":"https:\/\/www.dalux.com\/wp-content\/uploads\/2022\/07\/Dalux-FM_-Tusass-uses-Dalux-FM-to-manage-technical-stations-in-Greenland_-1080x675-1.png","width":1080,"height":675,"caption":"A person holding a smartphone with the app Dalux FM"},{"@type":"BreadcrumbList","@id":"https:\/\/www.dalux.com\/de\/tusass-setzt-dalux-fm-fuer-die-verwaltung-von-technischen-stationen-ein\/#breadcrumb","itemListElement":[{"@type":"ListItem","position":1,"name":"Home","item":"https:\/\/www.dalux.com\/de\/"},{"@type":"ListItem","position":2,"name":"Tusass setzt Dalux FM f\u00fcr die Verwaltung von technischen Stationen ein"}]},{"@type":"WebSite","@id":"https:\/\/www.dalux.com\/de\/#website","url":"https:\/\/www.dalux.com\/de\/","name":"Dalux","description":"Digitalizing the Construction Industry","publisher":{"@id":"https:\/\/www.dalux.com\/de\/#organization"},"potentialAction":[{"@type":"SearchAction","target":{"@type":"EntryPoint","urlTemplate":"https:\/\/www.dalux.com\/de\/?s={search_term_string}"},"query-input":{"@type":"PropertyValueSpecification","valueRequired":true,"valueName":"search_term_string"}}],"inLanguage":"de"},{"@type":"Organization","@id":"https:\/\/www.dalux.com\/de\/#organization","name":"Dalux","url":"https:\/\/www.dalux.com\/de\/","logo":{"@type":"ImageObject","inLanguage":"de","@id":"https:\/\/www.dalux.com\/de\/#\/schema\/logo\/image\/","url":"https:\/\/www.dalux.com\/wp-content\/uploads\/2022\/06\/Dalux_logo_-5000px_png_HIGH_RES.png","contentUrl":"https:\/\/www.dalux.com\/wp-content\/uploads\/2022\/06\/Dalux_logo_-5000px_png_HIGH_RES.png","width":5001,"height":1559,"caption":"Dalux"},"image":{"@id":"https:\/\/www.dalux.com\/de\/#\/schema\/logo\/image\/"},"sameAs":["https:\/\/x.com\/daluxaps","https:\/\/www.linkedin.com\/company\/dalux\/","https:\/\/www.youtube.com\/user\/DaluxAps\/featured"]},{"@type":"Person","@id":"https:\/\/www.dalux.com\/de\/#\/schema\/person\/7cbcf96eb5099f6dc1f7f197cd151e76","name":"Karel","image":{"@type":"ImageObject","inLanguage":"de","@id":"https:\/\/www.dalux.com\/wp-content\/litespeed\/avatar\/81d6984cd25a964d8dae4e5e63e4278f.jpg?ver=1777552217","url":"https:\/\/www.dalux.com\/wp-content\/litespeed\/avatar\/81d6984cd25a964d8dae4e5e63e4278f.jpg?ver=1777552217","contentUrl":"https:\/\/www.dalux.com\/wp-content\/litespeed\/avatar\/81d6984cd25a964d8dae4e5e63e4278f.jpg?ver=1777552217","caption":"Karel"}}]}},"_links":{"self":[{"href":"https:\/\/www.dalux.com\/de\/wp-json\/wp\/v2\/posts\/82114","targetHints":{"allow":["GET"]}}],"collection":[{"href":"https:\/\/www.dalux.com\/de\/wp-json\/wp\/v2\/posts"}],"about":[{"href":"https:\/\/www.dalux.com\/de\/wp-json\/wp\/v2\/types\/post"}],"author":[{"embeddable":true,"href":"https:\/\/www.dalux.com\/de\/wp-json\/wp\/v2\/users\/113"}],"replies":[{"embeddable":true,"href":"https:\/\/www.dalux.com\/de\/wp-json\/wp\/v2\/comments?post=82114"}],"version-history":[{"count":0,"href":"https:\/\/www.dalux.com\/de\/wp-json\/wp\/v2\/posts\/82114\/revisions"}],"wp:featuredmedia":[{"embeddable":true,"href":"https:\/\/www.dalux.com\/de\/wp-json\/wp\/v2\/media\/5888"}],"wp:attachment":[{"href":"https:\/\/www.dalux.com\/de\/wp-json\/wp\/v2\/media?parent=82114"}],"wp:term":[{"taxonomy":"category","embeddable":true,"href":"https:\/\/www.dalux.com\/de\/wp-json\/wp\/v2\/categories?post=82114"},{"taxonomy":"post_tag","embeddable":true,"href":"https:\/\/www.dalux.com\/de\/wp-json\/wp\/v2\/tags?post=82114"}],"curies":[{"name":"wp","href":"https:\/\/api.w.org\/{rel}","templated":true}]}}